{"id":1556,"date":"2024-10-09T09:01:09","date_gmt":"2024-10-09T13:01:09","guid":{"rendered":"https:\/\/groupesve.com\/?p=1556"},"modified":"2025-04-07T14:51:23","modified_gmt":"2025-04-07T18:51:23","slug":"un-porte-parole-electrisant","status":"publish","type":"post","link":"https:\/\/groupesve.com\/en\/un-porte-parole-electrisant\/","title":{"rendered":"Un porte-parole \u00e9lectrisant!"},"content":{"rendered":"\n<p>Il est animateur, humoriste, mais il est surtout un passionn\u00e9 de v\u00e9hicules \u00e9lectriques. Martin Cloutier est le porte-parole officiel du Salon de l&#8217;auto de l&#8217;Outaouais, et il vous surprendra.<\/p>\n\n\n\n<p>Passez le rencontrer au salon, le samedi 12 avril, et prenez le temps de discuter avec un \u00e9lectromobiliste chevronn\u00e9, qui se passionne aussi pour l\u2019\u00e9lectrification et les nouveaut\u00e9s. Il sera pr\u00e9sent au salon et se fera un plaisir de partager sa passion! <\/p>\n\n\n\n<p><\/p>\n","protected":false},"excerpt":{"rendered":"<p>Il est animateur, humoriste, mais il est surtout un passionn\u00e9 de v\u00e9hicules \u00e9lectriques. Martin Cloutier est le porte-parole officiel du Salon de l&#8217;auto de l&#8217;Outaouais, et il vous surprendra. Passez le rencontrer au salon, le samedi 12 avril, et prenez le temps de discuter avec un \u00e9lectromobiliste chevronn\u00e9, qui se passionne aussi pour l\u2019\u00e9lectrification et [&hellip;]<\/p>\n","protected":false},"author":2,"featured_media":1548,"comment_status":"closed","ping_status":"closed","sticky":false,"template":"","format":"standard","meta":{"_acf_changed":false,"site-sidebar-layout":"default","site-content-layout":"","ast-site-content-layout":"default","site-content-style":"default","site-sidebar-style":"default","ast-global-header-display":"","ast-banner-title-visibility":"","ast-main-header-display":"","ast-hfb-above-header-display":"","ast-hfb-below-header-display":"","ast-hfb-mobile-header-display":"","site-post-title":"","ast-breadcrumbs-content":"","ast-featured-img":"","footer-sml-layout":"","ast-disable-related-posts":"","theme-transparent-header-meta":"","adv-header-id-meta":"","stick-header-meta":"","header-above-stick-meta":"","header-main-stick-meta":"","header-below-stick-meta":"","astra-migrate-meta-layouts":"default","ast-page-background-enabled":"default","ast-page-background-meta":{"desktop":{"background-color":"var(--ast-global-color-4)","background-image":"","background-repeat":"repeat","background-position":"center center","background-size":"auto","background-attachment":"scroll","background-type":"","background-media":"","overlay-type":"","overlay-color":"","overlay-opacity":"","overlay-gradient":""},"tablet":{"background-color":"","background-image":"","background-repeat":"repeat","background-position":"center center","background-size":"auto","background-attachment":"scroll","background-type":"","background-media":"","overlay-type":"","overlay-color":"","overlay-opacity":"","overlay-gradient":""},"mobile":{"background-color":"","background-image":"","background-repeat":"repeat","background-position":"center center","background-size":"auto","background-attachment":"scroll","background-type":"","background-media":"","overlay-type":"","overlay-color":"","overlay-opacity":"","overlay-gradient":""}},"ast-content-background-meta":{"desktop":{"background-color":"var(--ast-global-color-5)","background-image":"","background-repeat":"repeat","background-position":"center center","background-size":"auto","background-attachment":"scroll","background-type":"","background-media":"","overlay-type":"","overlay-color":"","overlay-opacity":"","overlay-gradient":""},"tablet":{"background-color":"var(--ast-global-color-5)","background-image":"","background-repeat":"repeat","background-position":"center center","background-size":"auto","background-attachment":"scroll","background-type":"","background-media":"","overlay-type":"","overlay-color":"","overlay-opacity":"","overlay-gradient":""},"mobile":{"background-color":"var(--ast-global-color-5)","background-image":"","background-repeat":"repeat","background-position":"center center","background-size":"auto","background-attachment":"scroll","background-type":"","background-media":"","overlay-type":"","overlay-color":"","overlay-opacity":"","overlay-gradient":""}},"footnotes":""},"categories":[16,17],"tags":[],"class_list":["post-1556","post","type-post","status-publish","format-standard","has-post-thumbnail","hentry","category-groupe-sve","category-salon-de-lanaudiere"],"acf":[],"yoast_head":"<!-- This site is optimized with the Yoast SEO plugin v27.5 - https:\/\/yoast.com\/product\/yoast-seo-wordpress\/ -->\n<title>Un porte-parole \u00e9lectrisant! - Groupe SVE<\/title>\n<meta name=\"description\" content=\"Il est animateur, humoriste, mais il est surtout un passionn\u00e9 de v\u00e9hicules \u00e9lectriques. Martin Cloutier est le porte-parole officiel du Salon de l&#039;auto de\" \/>\n<meta name=\"robots\" content=\"index, follow, max-snippet:-1, max-image-preview:large, max-video-preview:-1\" \/>\n<link rel=\"canonical\" href=\"https:\/\/groupesve.com\/en\/un-porte-parole-electrisant\/\" \/>\n<meta property=\"og:locale\" content=\"en_US\" \/>\n<meta property=\"og:type\" content=\"article\" \/>\n<meta property=\"og:title\" content=\"Un porte-parole \u00e9lectrisant! - Groupe SVE\" \/>\n<meta property=\"og:description\" content=\"Il est animateur, humoriste, mais il est surtout un passionn\u00e9 de v\u00e9hicules \u00e9lectriques. Martin Cloutier est le porte-parole officiel du Salon de l&#039;auto de\" \/>\n<meta property=\"og:url\" content=\"https:\/\/groupesve.com\/en\/un-porte-parole-electrisant\/\" \/>\n<meta property=\"og:site_name\" content=\"Groupe SVE\" \/>\n<meta property=\"article:published_time\" content=\"2024-10-09T13:01:09+00:00\" \/>\n<meta property=\"article:modified_time\" content=\"2025-04-07T18:51:23+00:00\" \/>\n<meta property=\"og:image\" content=\"https:\/\/groupesve.com\/wp-content\/uploads\/2024\/10\/Martin_Cyberimpact.jpg\" \/>\n\t<meta property=\"og:image:width\" content=\"1198\" \/>\n\t<meta property=\"og:image:height\" content=\"1188\" \/>\n\t<meta property=\"og:image:type\" content=\"image\/jpeg\" \/>\n<meta name=\"author\" content=\"Guylaine Roy\" \/>\n<meta name=\"twitter:card\" content=\"summary_large_image\" \/>\n<meta name=\"twitter:label1\" content=\"Written by\" \/>\n\t<meta name=\"twitter:data1\" content=\"Guylaine Roy\" \/>\n\t<meta name=\"twitter:label2\" content=\"Est. reading time\" \/>\n\t<meta name=\"twitter:data2\" content=\"1 minute\" \/>\n<script type=\"application\/ld+json\" class=\"yoast-schema-graph\">{\"@context\":\"https:\\\/\\\/schema.org\",\"@graph\":[{\"@type\":\"Article\",\"@id\":\"https:\\\/\\\/groupesve.com\\\/en\\\/un-porte-parole-electrisant\\\/#article\",\"isPartOf\":{\"@id\":\"https:\\\/\\\/groupesve.com\\\/en\\\/un-porte-parole-electrisant\\\/\"},\"author\":{\"name\":\"Guylaine Roy\",\"@id\":\"https:\\\/\\\/groupesve.com\\\/en\\\/#\\\/schema\\\/person\\\/238e91c5988533996e75a02ec970563b\"},\"headline\":\"Un porte-parole \u00e9lectrisant!\",\"datePublished\":\"2024-10-09T13:01:09+00:00\",\"dateModified\":\"2025-04-07T18:51:23+00:00\",\"mainEntityOfPage\":{\"@id\":\"https:\\\/\\\/groupesve.com\\\/en\\\/un-porte-parole-electrisant\\\/\"},\"wordCount\":79,\"image\":{\"@id\":\"https:\\\/\\\/groupesve.com\\\/en\\\/un-porte-parole-electrisant\\\/#primaryimage\"},\"thumbnailUrl\":\"https:\\\/\\\/groupesve.com\\\/wp-content\\\/uploads\\\/2024\\\/10\\\/Martin_Cyberimpact.jpg\",\"articleSection\":[\"Groupe SVE\",\"Salon de Lanaudi\u00e8re\"],\"inLanguage\":\"en-US\"},{\"@type\":\"WebPage\",\"@id\":\"https:\\\/\\\/groupesve.com\\\/en\\\/un-porte-parole-electrisant\\\/\",\"url\":\"https:\\\/\\\/groupesve.com\\\/en\\\/un-porte-parole-electrisant\\\/\",\"name\":\"Un porte-parole \u00e9lectrisant! - Groupe SVE\",\"isPartOf\":{\"@id\":\"https:\\\/\\\/groupesve.com\\\/en\\\/#website\"},\"primaryImageOfPage\":{\"@id\":\"https:\\\/\\\/groupesve.com\\\/en\\\/un-porte-parole-electrisant\\\/#primaryimage\"},\"image\":{\"@id\":\"https:\\\/\\\/groupesve.com\\\/en\\\/un-porte-parole-electrisant\\\/#primaryimage\"},\"thumbnailUrl\":\"https:\\\/\\\/groupesve.com\\\/wp-content\\\/uploads\\\/2024\\\/10\\\/Martin_Cyberimpact.jpg\",\"datePublished\":\"2024-10-09T13:01:09+00:00\",\"dateModified\":\"2025-04-07T18:51:23+00:00\",\"author\":{\"@id\":\"https:\\\/\\\/groupesve.com\\\/en\\\/#\\\/schema\\\/person\\\/238e91c5988533996e75a02ec970563b\"},\"description\":\"Il est animateur, humoriste, mais il est surtout un passionn\u00e9 de v\u00e9hicules \u00e9lectriques. Martin Cloutier est le porte-parole officiel du Salon de l'auto de\",\"breadcrumb\":{\"@id\":\"https:\\\/\\\/groupesve.com\\\/en\\\/un-porte-parole-electrisant\\\/#breadcrumb\"},\"inLanguage\":\"en-US\",\"potentialAction\":[{\"@type\":\"ReadAction\",\"target\":[\"https:\\\/\\\/groupesve.com\\\/en\\\/un-porte-parole-electrisant\\\/\"]}]},{\"@type\":\"ImageObject\",\"inLanguage\":\"en-US\",\"@id\":\"https:\\\/\\\/groupesve.com\\\/en\\\/un-porte-parole-electrisant\\\/#primaryimage\",\"url\":\"https:\\\/\\\/groupesve.com\\\/wp-content\\\/uploads\\\/2024\\\/10\\\/Martin_Cyberimpact.jpg\",\"contentUrl\":\"https:\\\/\\\/groupesve.com\\\/wp-content\\\/uploads\\\/2024\\\/10\\\/Martin_Cyberimpact.jpg\",\"width\":1198,\"height\":1188,\"caption\":\"Design sans titre - Martin_Cyberimpact\"},{\"@type\":\"BreadcrumbList\",\"@id\":\"https:\\\/\\\/groupesve.com\\\/en\\\/un-porte-parole-electrisant\\\/#breadcrumb\",\"itemListElement\":[{\"@type\":\"ListItem\",\"position\":1,\"name\":\"Accueil\",\"item\":\"https:\\\/\\\/groupesve.com\\\/en\\\/\"},{\"@type\":\"ListItem\",\"position\":2,\"name\":\"Un porte-parole \u00e9lectrisant!\"}]},{\"@type\":\"WebSite\",\"@id\":\"https:\\\/\\\/groupesve.com\\\/en\\\/#website\",\"url\":\"https:\\\/\\\/groupesve.com\\\/en\\\/\",\"name\":\"Groupe SVE\",\"description\":\"Des \u00e9v\u00e9nements incontournables pour v\u00e9hicules \u00e9lectriques\",\"potentialAction\":[{\"@type\":\"SearchAction\",\"target\":{\"@type\":\"EntryPoint\",\"urlTemplate\":\"https:\\\/\\\/groupesve.com\\\/en\\\/?s={search_term_string}\"},\"query-input\":{\"@type\":\"PropertyValueSpecification\",\"valueRequired\":true,\"valueName\":\"search_term_string\"}}],\"inLanguage\":\"en-US\"},{\"@type\":\"Person\",\"@id\":\"https:\\\/\\\/groupesve.com\\\/en\\\/#\\\/schema\\\/person\\\/238e91c5988533996e75a02ec970563b\",\"name\":\"Guylaine Roy\",\"image\":{\"@type\":\"ImageObject\",\"inLanguage\":\"en-US\",\"@id\":\"https:\\\/\\\/secure.gravatar.com\\\/avatar\\\/c0e44053468a5767686700707dd58595037f8c1b83beb6ef86c789204ca94597?s=96&d=mm&r=g\",\"url\":\"https:\\\/\\\/secure.gravatar.com\\\/avatar\\\/c0e44053468a5767686700707dd58595037f8c1b83beb6ef86c789204ca94597?s=96&d=mm&r=g\",\"contentUrl\":\"https:\\\/\\\/secure.gravatar.com\\\/avatar\\\/c0e44053468a5767686700707dd58595037f8c1b83beb6ef86c789204ca94597?s=96&d=mm&r=g\",\"caption\":\"Guylaine Roy\"}}]}<\/script>\n<!-- \/ Yoast SEO plugin. -->","yoast_head_json":{"title":"Un porte-parole \u00e9lectrisant! - Groupe SVE","description":"Il est animateur, humoriste, mais il est surtout un passionn\u00e9 de v\u00e9hicules \u00e9lectriques. Martin Cloutier est le porte-parole officiel du Salon de l'auto de","robots":{"index":"index","follow":"follow","max-snippet":"max-snippet:-1","max-image-preview":"max-image-preview:large","max-video-preview":"max-video-preview:-1"},"canonical":"https:\/\/groupesve.com\/en\/un-porte-parole-electrisant\/","og_locale":"en_US","og_type":"article","og_title":"Un porte-parole \u00e9lectrisant! - Groupe SVE","og_description":"Il est animateur, humoriste, mais il est surtout un passionn\u00e9 de v\u00e9hicules \u00e9lectriques. Martin Cloutier est le porte-parole officiel du Salon de l'auto de","og_url":"https:\/\/groupesve.com\/en\/un-porte-parole-electrisant\/","og_site_name":"Groupe SVE","article_published_time":"2024-10-09T13:01:09+00:00","article_modified_time":"2025-04-07T18:51:23+00:00","og_image":[{"width":1198,"height":1188,"url":"https:\/\/groupesve.com\/wp-content\/uploads\/2024\/10\/Martin_Cyberimpact.jpg","type":"image\/jpeg"}],"author":"Guylaine Roy","twitter_card":"summary_large_image","twitter_misc":{"Written by":"Guylaine Roy","Est. reading time":"1 minute"},"schema":{"@context":"https:\/\/schema.org","@graph":[{"@type":"Article","@id":"https:\/\/groupesve.com\/en\/un-porte-parole-electrisant\/#article","isPartOf":{"@id":"https:\/\/groupesve.com\/en\/un-porte-parole-electrisant\/"},"author":{"name":"Guylaine Roy","@id":"https:\/\/groupesve.com\/en\/#\/schema\/person\/238e91c5988533996e75a02ec970563b"},"headline":"Un porte-parole \u00e9lectrisant!","datePublished":"2024-10-09T13:01:09+00:00","dateModified":"2025-04-07T18:51:23+00:00","mainEntityOfPage":{"@id":"https:\/\/groupesve.com\/en\/un-porte-parole-electrisant\/"},"wordCount":79,"image":{"@id":"https:\/\/groupesve.com\/en\/un-porte-parole-electrisant\/#primaryimage"},"thumbnailUrl":"https:\/\/groupesve.com\/wp-content\/uploads\/2024\/10\/Martin_Cyberimpact.jpg","articleSection":["Groupe SVE","Salon de Lanaudi\u00e8re"],"inLanguage":"en-US"},{"@type":"WebPage","@id":"https:\/\/groupesve.com\/en\/un-porte-parole-electrisant\/","url":"https:\/\/groupesve.com\/en\/un-porte-parole-electrisant\/","name":"Un porte-parole \u00e9lectrisant! - Groupe SVE","isPartOf":{"@id":"https:\/\/groupesve.com\/en\/#website"},"primaryImageOfPage":{"@id":"https:\/\/groupesve.com\/en\/un-porte-parole-electrisant\/#primaryimage"},"image":{"@id":"https:\/\/groupesve.com\/en\/un-porte-parole-electrisant\/#primaryimage"},"thumbnailUrl":"https:\/\/groupesve.com\/wp-content\/uploads\/2024\/10\/Martin_Cyberimpact.jpg","datePublished":"2024-10-09T13:01:09+00:00","dateModified":"2025-04-07T18:51:23+00:00","author":{"@id":"https:\/\/groupesve.com\/en\/#\/schema\/person\/238e91c5988533996e75a02ec970563b"},"description":"Il est animateur, humoriste, mais il est surtout un passionn\u00e9 de v\u00e9hicules \u00e9lectriques. Martin Cloutier est le porte-parole officiel du Salon de l'auto de","breadcrumb":{"@id":"https:\/\/groupesve.com\/en\/un-porte-parole-electrisant\/#breadcrumb"},"inLanguage":"en-US","potentialAction":[{"@type":"ReadAction","target":["https:\/\/groupesve.com\/en\/un-porte-parole-electrisant\/"]}]},{"@type":"ImageObject","inLanguage":"en-US","@id":"https:\/\/groupesve.com\/en\/un-porte-parole-electrisant\/#primaryimage","url":"https:\/\/groupesve.com\/wp-content\/uploads\/2024\/10\/Martin_Cyberimpact.jpg","contentUrl":"https:\/\/groupesve.com\/wp-content\/uploads\/2024\/10\/Martin_Cyberimpact.jpg","width":1198,"height":1188,"caption":"Design sans titre - Martin_Cyberimpact"},{"@type":"BreadcrumbList","@id":"https:\/\/groupesve.com\/en\/un-porte-parole-electrisant\/#breadcrumb","itemListElement":[{"@type":"ListItem","position":1,"name":"Accueil","item":"https:\/\/groupesve.com\/en\/"},{"@type":"ListItem","position":2,"name":"Un porte-parole \u00e9lectrisant!"}]},{"@type":"WebSite","@id":"https:\/\/groupesve.com\/en\/#website","url":"https:\/\/groupesve.com\/en\/","name":"Groupe SVE","description":"Des \u00e9v\u00e9nements incontournables pour v\u00e9hicules \u00e9lectriques","potentialAction":[{"@type":"SearchAction","target":{"@type":"EntryPoint","urlTemplate":"https:\/\/groupesve.com\/en\/?s={search_term_string}"},"query-input":{"@type":"PropertyValueSpecification","valueRequired":true,"valueName":"search_term_string"}}],"inLanguage":"en-US"},{"@type":"Person","@id":"https:\/\/groupesve.com\/en\/#\/schema\/person\/238e91c5988533996e75a02ec970563b","name":"Guylaine Roy","image":{"@type":"ImageObject","inLanguage":"en-US","@id":"https:\/\/secure.gravatar.com\/avatar\/c0e44053468a5767686700707dd58595037f8c1b83beb6ef86c789204ca94597?s=96&d=mm&r=g","url":"https:\/\/secure.gravatar.com\/avatar\/c0e44053468a5767686700707dd58595037f8c1b83beb6ef86c789204ca94597?s=96&d=mm&r=g","contentUrl":"https:\/\/secure.gravatar.com\/avatar\/c0e44053468a5767686700707dd58595037f8c1b83beb6ef86c789204ca94597?s=96&d=mm&r=g","caption":"Guylaine Roy"}}]}},"_links":{"self":[{"href":"https:\/\/groupesve.com\/en\/wp-json\/wp\/v2\/posts\/1556","targetHints":{"allow":["GET"]}}],"collection":[{"href":"https:\/\/groupesve.com\/en\/wp-json\/wp\/v2\/posts"}],"about":[{"href":"https:\/\/groupesve.com\/en\/wp-json\/wp\/v2\/types\/post"}],"author":[{"embeddable":true,"href":"https:\/\/groupesve.com\/en\/wp-json\/wp\/v2\/users\/2"}],"replies":[{"embeddable":true,"href":"https:\/\/groupesve.com\/en\/wp-json\/wp\/v2\/comments?post=1556"}],"version-history":[{"count":2,"href":"https:\/\/groupesve.com\/en\/wp-json\/wp\/v2\/posts\/1556\/revisions"}],"predecessor-version":[{"id":2869,"href":"https:\/\/groupesve.com\/en\/wp-json\/wp\/v2\/posts\/1556\/revisions\/2869"}],"wp:featuredmedia":[{"embeddable":true,"href":"https:\/\/groupesve.com\/en\/wp-json\/wp\/v2\/media\/1548"}],"wp:attachment":[{"href":"https:\/\/groupesve.com\/en\/wp-json\/wp\/v2\/media?parent=1556"}],"wp:term":[{"taxonomy":"category","embeddable":true,"href":"https:\/\/groupesve.com\/en\/wp-json\/wp\/v2\/categories?post=1556"},{"taxonomy":"post_tag","embeddable":true,"href":"https:\/\/groupesve.com\/en\/wp-json\/wp\/v2\/tags?post=1556"}],"curies":[{"name":"wp","href":"https:\/\/api.w.org\/{rel}","templated":true}]}}